[{"@context":"https:\/\/schema.org\/","@type":"Article","@id":"https:\/\/www.zeort.cz\/slysela-jste-o-nem-poprve\/#Article","mainEntityOfPage":"https:\/\/www.zeort.cz\/slysela-jste-o-nem-poprve\/","headline":"Sly\u0161ela jste o n\u011bm poprv\u00e9","name":"Sly\u0161ela jste o n\u011bm poprv\u00e9","description":"Mus\u00edte se p\u0159iznat, \u017ee o tom, \u017ee existuje n\u011bjak\u00fd kabinov\u00fd filtr, jste p\u0159ed p\u00e1r dny sly\u0161ela naprosto poprv\u00e9. Toto zji\u0161t\u011bn\u00ed &hellip; ","datePublished":"2024-11-05","dateModified":"2024-11-05","author":{"@type":"Person","@id":"https:\/\/www.zeort.cz\/author\/#Person","name":"","url":"https:\/\/www.zeort.cz\/author\/","identifier":1,"image":{"@type":"ImageObject","@id":"https:\/\/secure.gravatar.com\/avatar\/40308b9402d145b1dc164f447b6506e9dadca8c8362c3ffb52df95e789c0fd10?s=96&d=mm&r=g","url":"https:\/\/secure.gravatar.com\/avatar\/40308b9402d145b1dc164f447b6506e9dadca8c8362c3ffb52df95e789c0fd10?s=96&d=mm&r=g","height":96,"width":96}},"publisher":{"@type":"Organization","name":"zeort.cz","logo":{"@type":"ImageObject","@id":"\/logo.png","url":"\/logo.png","width":600,"height":60}},"url":"https:\/\/www.zeort.cz\/slysela-jste-o-nem-poprve\/","wordCount":261,"articleBody":"\tMus\u00edte se p\u0159iznat, \u017ee o tom, \u017ee existuje n\u011bjak\u00fd kabinov\u00fd filtr, jste p\u0159ed p\u00e1r dny sly\u0161ela naprosto poprv\u00e9. Toto zji\u0161t\u011bn\u00ed bylo v\u00fdsledkem va\u0161eho mal\u00e9ho p\u00e1tr\u00e1n\u00ed po p\u0159\u00ed\u010din\u00e1ch \u010dast\u00fdch bolest\u00ed hlavy, kter\u00fdmi ve sv\u00e9m automobilu trp\u00edte, nebo nyn\u00ed u\u017e vlastn\u011b m\u016f\u017eete pou\u017e\u00edvat minul\u00fd \u010das, nebo\u0165 po v\u00fdm\u011bn\u011b tohoto filtru u\u017e by to v\u0161e m\u011blo b\u00fdt minulost\u00ed. Mo\u017en\u00e1 je p\u0159\u00ed\u010dina va\u0161\u00ed neznalosti v\u00a0tom, \u017ee jste d\u00e1vala \u0161patn\u00fd pozor v\u00a0auto\u0161kole, i kdy\u017e si sp\u00ed\u0161e mysl\u00edte, \u017ee ani tam v\u00e1m o takov\u00e9 sou\u010d\u00e1sti auta nic ne\u0159ekli. A kde se to m\u00e1 b\u011b\u017en\u00fd \u010dlov\u011bk jinak dozv\u011bd\u011bt, \u017ee?\tHned jste si po\u0159\u00eddila ten nejlep\u0161\u00ed typNa\u0161t\u011bst\u00ed jste nyn\u00ed u\u017e zase o n\u011bco chyt\u0159ej\u0161\u00ed, v\u00a0servisu, kam se sv\u00fdm vozidlem b\u011b\u017en\u011b jezd\u00edte v\u00e1s o cel\u00e9 v\u011bci pou\u010dili, a je\u0161t\u011b v\u00e1m dali doporu\u010den\u00ed, jak\u00fd typ byste si m\u011bla do sv\u00e9ho auta nejl\u00e9pe po\u0159\u00eddit. A docela v\u00e1s pot\u011b\u0161ilo, \u017ee podle jejich popisu, by m\u011blo to nov\u00e9 mal\u00e9 u\u017eite\u010dn\u00e9 za\u0159\u00edzen\u00ed pohlcovat nejen \u010d\u00e1stice z\u00a0okoln\u00edho zne\u010di\u0161t\u011bn\u00e9ho prost\u0159ed\u00ed, ale tak\u00e9 r\u016fzn\u00e9 pachy, kter\u00e9 osobn\u011b naprosto nesn\u00e1\u0161\u00edte, a proto jste doposud v\u00a0automobilu nez\u0159\u00eddka pou\u017e\u00edvala vonn\u00fd sprej, co\u017e va\u0161im bolestem hlavy dvakr\u00e1t neprosp\u00edvalo.                                                                                                                                                                                                                                                                                                                                                                                        5\/5 - (3 votes)        "},{"@context":"https:\/\/schema.org\/","@type":"BreadcrumbList","itemListElement":[{"@type":"ListItem","position":1,"name":"Sly\u0161ela jste o n\u011bm poprv\u00e9","item":"https:\/\/www.zeort.cz\/slysela-jste-o-nem-poprve\/#breadcrumbitem"}]}]