[{"@context":"https:\/\/schema.org\/","@type":"Article","@id":"https:\/\/www.zeort.cz\/prikryvky-mohou-byt-celorocni-chladive-i-teple\/#Article","mainEntityOfPage":"https:\/\/www.zeort.cz\/prikryvky-mohou-byt-celorocni-chladive-i-teple\/","headline":"P\u0159ikr\u00fdvky mohou b\u00fdt celoro\u010dn\u00ed, chladiv\u00e9 i tepl\u00e9","name":"P\u0159ikr\u00fdvky mohou b\u00fdt celoro\u010dn\u00ed, chladiv\u00e9 i tepl\u00e9","description":"M\u00e1te spadeno na n\u00e1kup p\u0159ikr\u00fdvky a nev\u00edte, jakou po\u0159\u00eddit? R\u00e1di bychom v\u00e1m doporu\u010dili jakoukoli letn\u00ed \u010di zimn\u00ed p\u0159ikr\u00fdvku, zhotovenou z &hellip; ","datePublished":"2022-09-19","dateModified":"2023-05-03","author":{"@type":"Person","@id":"https:\/\/www.zeort.cz\/author\/#Person","name":"","url":"https:\/\/www.zeort.cz\/author\/","identifier":1,"image":{"@type":"ImageObject","@id":"https:\/\/secure.gravatar.com\/avatar\/40308b9402d145b1dc164f447b6506e9dadca8c8362c3ffb52df95e789c0fd10?s=96&d=mm&r=g","url":"https:\/\/secure.gravatar.com\/avatar\/40308b9402d145b1dc164f447b6506e9dadca8c8362c3ffb52df95e789c0fd10?s=96&d=mm&r=g","height":96,"width":96}},"publisher":{"@type":"Organization","name":"zeort.cz","logo":{"@type":"ImageObject","@id":"\/logo.png","url":"\/logo.png","width":600,"height":60}},"image":{"@type":"ImageObject","@id":"https:\/\/www.zeort.cz\/wp-content\/uploads\/read-g769a1bc84_640.jpg","url":"https:\/\/www.zeort.cz\/wp-content\/uploads\/read-g769a1bc84_640.jpg","height":0,"width":0},"url":"https:\/\/www.zeort.cz\/prikryvky-mohou-byt-celorocni-chladive-i-teple\/","about":["Produkty"],"wordCount":455,"articleBody":"   M\u00e1te spadeno na n\u00e1kup p\u0159ikr\u00fdvky a nev\u00edte, jakou po\u0159\u00eddit? R\u00e1di bychom v\u00e1m doporu\u010dili jakoukoli letn\u00ed \u010di zimn\u00ed p\u0159ikr\u00fdvku, zhotovenou z dut\u00e9ho vl\u00e1kna.Pro\u010d v\u00e1s p\u0159ikr\u00fdvka v l\u00e9t\u011b chlad\u00edZ\u00e1klad \u00fasp\u011bchu tohoto jevu spo\u010d\u00edv\u00e1 pr\u00e1v\u011b na zmi\u0148ovan\u00e9m dut\u00e9m vl\u00e1knu, z n\u011bho\u017e je p\u0159ikr\u00fdvka vyrobena. Mo\u017en\u00e1 v\u00e1m p\u0159ipad\u00e1 hloup\u00e9, pro\u010d zrovna mus\u00ed b\u00fdt vl\u00e1kno dut\u00e9, kdy\u017e je v n\u011bm stejn\u011b jen docela oby\u010dejn\u00fd vzduch, a nejsou to vl\u00e1kna vakuovan\u00e1 nebo vypln\u011bn\u00e1 n\u011bjak\u00fdmi speci\u00e1ln\u00edmi plyny. Ve skute\u010dnosti je pr\u00e1v\u011b vzduch t\u00edm z\u00e1sadn\u00edm momentem, pro\u010d se tato technologie velmi rychle roz\u0161\u00ed\u0159ila po cel\u00e9m sv\u011bt\u011b. Ale za\u010dn\u011bme trochu ze\u0161iroka.P\u0159edstavte si, \u017ee je hork\u00e9  https:\/\/slovnik.seznam.cz\/en-cz\/%3Fq%3Dhork%25C3%25A9 l\u00e9to, a vy se vyd\u00e1te na proch\u00e1zku p\u0159i teplot\u011b ovzdu\u0161\u00ed, \u0159ekn\u011bme 29 stup\u0148\u016f Celsia. Obl\u00e9knete se do p\u0159il\u00e9hav\u00fdch kalhot, kter\u00e9 v\u00e1m padnou t\u011bsn\u011b na t\u011blo, a k nim si obl\u00e9knete p\u0159il\u00e9hav\u00e9 bavln\u011bn\u00e9 tri\u010dko. V takov\u00e9m oble\u010den\u00ed v\u00e1m za p\u00e1r minut za\u010dne b\u00fdt nesnesiteln\u00e9 vedro, budete potit a p\u0159ipadat si, jako v kov\u00e1\u0159sk\u00e9 v\u00fdhni. Kdybyste si v\u0161ak na sebe vzali kalhoty i tri\u010dko ze stejn\u00e9ho materi\u00e1lu, ale voln\u00e9ho st\u0159ihu, kdy je mezi t\u011blem (poko\u017ekou) a textiln\u00ed l\u00e1tkou dostate\u010dn\u011b siln\u00e1 vzduchov\u00e1 mezera, nap\u0159. 2 a\u017e 5 cm, tento vzduch bude mezi t\u011blem a vn\u011bj\u0161\u00edm prost\u0159ed\u00edm vytv\u00e1\u0159et izola\u010dn\u00ed vrstvu, \u010d\u00edm\u017e v\u00e1s bude chladit. Budete se venku c\u00edtit mnohem l\u00e9pe.Na stejn\u00e9m principu se d\u0159\u00edve stav\u011bly n\u011bkter\u00e9 rodinn\u00e9 domy, nap\u0159. z kamene, z opuky, kdy mezi vnit\u0159n\u00ed a vn\u011bj\u0161\u00ed stranou obvodov\u00e9ho pl\u00e1\u0161t\u011b byla ukryt\u00e1 vzduchov\u00e1 mezera, siln\u00e1 zhruba 10 cm, kter\u00e1 v l\u00e9t\u011b d\u016fm chladila a v zim\u011b pom\u00e1hala d\u00e9le udr\u017eet teplo. A v podstat\u011b tot\u00e9\u017e se odehr\u00e1v\u00e1 v dut\u00fdch vl\u00e1knech, kter\u00e1 udr\u017euj\u00ed va\u0161e t\u011blesn\u00e9 teplo v optim\u00e1ln\u00edm rozmez\u00ed a dbaj\u00ed o to, abyste neprochladli nebo se nep\u0159eh\u0159\u00edvali. D\u00edky tomu je mo\u017en\u00e9 po\u0159\u00eddit si chladivou letn\u00ed p\u0159ikr\u00fdvku Levn\u00e1 prost\u011bradla anebo naopak teplou p\u0159ikr\u00fdvku zimn\u00ed. V\u011bt\u0161inou se tyto v\u00fdrobky li\u0161\u00ed mno\u017estv\u00edm dut\u00fdch vl\u00e1ken a existuj\u00ed tak\u00e9 deky univerz\u00e1ln\u00ed, vhodn\u00e9 pro zimn\u00ed i letn\u00ed obdob\u00ed z\u00e1rove\u0148.                                                                                                                                                                                                                                                                                                                                                                                         3.5\/5 - (11 votes)        "},{"@context":"https:\/\/schema.org\/","@type":"BreadcrumbList","itemListElement":[{"@type":"ListItem","position":1,"name":"P\u0159ikr\u00fdvky mohou b\u00fdt celoro\u010dn\u00ed, chladiv\u00e9 i tepl\u00e9","item":"https:\/\/www.zeort.cz\/prikryvky-mohou-byt-celorocni-chladive-i-teple\/#breadcrumbitem"}]}]