{"@context":"https:\/\/schema.org\/","@type":"CollectionPage","@id":"https:\/\/www.zeort.cz\/politika\/#CollectionPage","headline":"Politika Category","description":"","url":"https:\/\/www.zeort.cz\/politika\/","hasPart":[{"@type":"Article","@id":"https:\/\/www.zeort.cz\/slozita-odpoved\/","headline":"Slo\u017eit\u00e1 odpov\u011b\u010f","url":"https:\/\/www.zeort.cz\/slozita-odpoved\/","datePublished":"2024-06-22","dateModified":"2024-06-22","mainEntityOfPage":"https:\/\/www.zeort.cz\/slozita-odpoved\/","author":{"@type":"Person","@id":"https:\/\/www.zeort.cz\/author\/#Person","name":"","url":"https:\/\/www.zeort.cz\/author\/","identifier":1,"image":{"@type":"ImageObject","@id":"https:\/\/secure.gravatar.com\/avatar\/40308b9402d145b1dc164f447b6506e9dadca8c8362c3ffb52df95e789c0fd10?s=96&d=mm&r=g","url":"https:\/\/secure.gravatar.com\/avatar\/40308b9402d145b1dc164f447b6506e9dadca8c8362c3ffb52df95e789c0fd10?s=96&d=mm&r=g","height":96,"width":96}},"publisher":{"@type":"Organization","name":"zeort.cz","logo":{"@type":"ImageObject","@id":"\/logo.png","url":"\/logo.png","width":600,"height":60}},"image":{"@type":"ImageObject","@id":"https:\/\/www.zeort.cz\/wp-content\/uploads\/student-849822_960_720_8.jpg","url":"https:\/\/www.zeort.cz\/wp-content\/uploads\/student-849822_960_720_8.jpg","height":0,"width":0},"keywords":null},{"@type":"Article","@id":"https:\/\/www.zeort.cz\/ceka-nas-volba-prezidenta\/","headline":"\u010cek\u00e1 n\u00e1s volba prezidenta","url":"https:\/\/www.zeort.cz\/ceka-nas-volba-prezidenta\/","datePublished":"2022-06-13","dateModified":"2023-05-03","mainEntityOfPage":"https:\/\/www.zeort.cz\/ceka-nas-volba-prezidenta\/","author":{"@type":"Person","@id":"https:\/\/www.zeort.cz\/author\/#Person","name":"","url":"https:\/\/www.zeort.cz\/author\/","identifier":1,"image":{"@type":"ImageObject","@id":"https:\/\/secure.gravatar.com\/avatar\/40308b9402d145b1dc164f447b6506e9dadca8c8362c3ffb52df95e789c0fd10?s=96&d=mm&r=g","url":"https:\/\/secure.gravatar.com\/avatar\/40308b9402d145b1dc164f447b6506e9dadca8c8362c3ffb52df95e789c0fd10?s=96&d=mm&r=g","height":96,"width":96}},"publisher":{"@type":"Organization","name":"zeort.cz","logo":{"@type":"ImageObject","@id":"\/logo.png","url":"\/logo.png","width":600,"height":60}},"image":{"@type":"ImageObject","@id":"https:\/\/www.zeort.cz\/wp-content\/uploads\/ballot-box-geb57795ed_640_2.png","url":"https:\/\/www.zeort.cz\/wp-content\/uploads\/ballot-box-geb57795ed_640_2.png","height":0,"width":0},"keywords":null},{"@type":"Article","@id":"https:\/\/www.zeort.cz\/svetova-politika\/","headline":"Sv\u011btov\u00e1 politika","url":"https:\/\/www.zeort.cz\/svetova-politika\/","datePublished":"2022-05-08","dateModified":"2023-05-03","mainEntityOfPage":"https:\/\/www.zeort.cz\/svetova-politika\/","author":{"@type":"Person","@id":"https:\/\/www.zeort.cz\/author\/#Person","name":"","url":"https:\/\/www.zeort.cz\/author\/","identifier":1,"image":{"@type":"ImageObject","@id":"https:\/\/secure.gravatar.com\/avatar\/40308b9402d145b1dc164f447b6506e9dadca8c8362c3ffb52df95e789c0fd10?s=96&d=mm&r=g","url":"https:\/\/secure.gravatar.com\/avatar\/40308b9402d145b1dc164f447b6506e9dadca8c8362c3ffb52df95e789c0fd10?s=96&d=mm&r=g","height":96,"width":96}},"publisher":{"@type":"Organization","name":"zeort.cz","logo":{"@type":"ImageObject","@id":"\/logo.png","url":"\/logo.png","width":600,"height":60}},"image":{"@type":"ImageObject","@id":"https:\/\/www.zeort.cz\/wp-content\/uploads\/show-me-1123314_960_720.jpg","url":"https:\/\/www.zeort.cz\/wp-content\/uploads\/show-me-1123314_960_720.jpg","height":0,"width":0},"keywords":null},{"@type":"Article","@id":"https:\/\/www.zeort.cz\/muj-vlastni-nazor-na-politiku\/","headline":"M\u016fj vlastn\u00ed n\u00e1zor na politiku","url":"https:\/\/www.zeort.cz\/muj-vlastni-nazor-na-politiku\/","datePublished":"2022-03-13","dateModified":"2022-03-13","mainEntityOfPage":"https:\/\/www.zeort.cz\/muj-vlastni-nazor-na-politiku\/","author":{"@type":"Person","@id":"https:\/\/www.zeort.cz\/author\/#Person","name":"","url":"https:\/\/www.zeort.cz\/author\/","identifier":1,"image":{"@type":"ImageObject","@id":"https:\/\/secure.gravatar.com\/avatar\/40308b9402d145b1dc164f447b6506e9dadca8c8362c3ffb52df95e789c0fd10?s=96&d=mm&r=g","url":"https:\/\/secure.gravatar.com\/avatar\/40308b9402d145b1dc164f447b6506e9dadca8c8362c3ffb52df95e789c0fd10?s=96&d=mm&r=g","height":96,"width":96}},"publisher":{"@type":"Organization","name":"zeort.cz","logo":{"@type":"ImageObject","@id":"\/logo.png","url":"\/logo.png","width":600,"height":60}},"image":{"@type":"ImageObject","@id":"https:\/\/www.zeort.cz\/wp-content\/uploads\/announcement-3509489_960_720.jpg","url":"https:\/\/www.zeort.cz\/wp-content\/uploads\/announcement-3509489_960_720.jpg","height":0,"width":0},"keywords":null},{"@type":"Article","@id":"https:\/\/www.zeort.cz\/nebezpeci-je-tu-stale\/","headline":"Nebezpe\u010d\u00ed je tu st\u00e1le","url":"https:\/\/www.zeort.cz\/nebezpeci-je-tu-stale\/","datePublished":"2021-09-14","dateModified":"2021-09-14","mainEntityOfPage":"https:\/\/www.zeort.cz\/nebezpeci-je-tu-stale\/","author":{"@type":"Person","@id":"https:\/\/www.zeort.cz\/author\/#Person","name":"","url":"https:\/\/www.zeort.cz\/author\/","identifier":1,"image":{"@type":"ImageObject","@id":"https:\/\/secure.gravatar.com\/avatar\/40308b9402d145b1dc164f447b6506e9dadca8c8362c3ffb52df95e789c0fd10?s=96&d=mm&r=g","url":"https:\/\/secure.gravatar.com\/avatar\/40308b9402d145b1dc164f447b6506e9dadca8c8362c3ffb52df95e789c0fd10?s=96&d=mm&r=g","height":96,"width":96}},"publisher":{"@type":"Organization","name":"zeort.cz","logo":{"@type":"ImageObject","@id":"\/logo.png","url":"\/logo.png","width":600,"height":60}},"image":{"@type":"ImageObject","@id":"https:\/\/www.zeort.cz\/wp-content\/uploads\/grafika%20covid_CtRToD.jpg","url":"https:\/\/www.zeort.cz\/wp-content\/uploads\/grafika%20covid_CtRToD.jpg","height":0,"width":0},"keywords":null}]}