[{"@context":"https:\/\/schema.org\/","@type":"Article","@id":"https:\/\/www.zeort.cz\/oblibena-odpocinkova-zona-ve-vasem-dome\/#Article","mainEntityOfPage":"https:\/\/www.zeort.cz\/oblibena-odpocinkova-zona-ve-vasem-dome\/","headline":"Obl\u00edben\u00e1 odpo\u010dinkov\u00e1 z\u00f3na ve va\u0161em dom\u011b","name":"Obl\u00edben\u00e1 odpo\u010dinkov\u00e1 z\u00f3na ve va\u0161em dom\u011b","description":"Kr\u00e1sn\u00fd a u\u0161lechtil\u00fd prostor pro va\u0161i relaxaci Pl\u00e1nov\u00e1n\u00ed zimn\u00ed zahrady by m\u011blo b\u00fdt opravdu pe\u010dliv\u00e9. Je nutno promyslet vzhled, velikost, &hellip; ","datePublished":"2025-04-04","dateModified":"2025-04-04","author":{"@type":"Person","@id":"https:\/\/www.zeort.cz\/author\/#Person","name":"","url":"https:\/\/www.zeort.cz\/author\/","identifier":1,"image":{"@type":"ImageObject","@id":"https:\/\/secure.gravatar.com\/avatar\/40308b9402d145b1dc164f447b6506e9dadca8c8362c3ffb52df95e789c0fd10?s=96&d=mm&r=g","url":"https:\/\/secure.gravatar.com\/avatar\/40308b9402d145b1dc164f447b6506e9dadca8c8362c3ffb52df95e789c0fd10?s=96&d=mm&r=g","height":96,"width":96}},"publisher":{"@type":"Organization","name":"zeort.cz","logo":{"@type":"ImageObject","@id":"\/logo.png","url":"\/logo.png","width":600,"height":60}},"url":"https:\/\/www.zeort.cz\/oblibena-odpocinkova-zona-ve-vasem-dome\/","wordCount":174,"articleBody":" Kr\u00e1sn\u00fd a u\u0161lechtil\u00fd prostor pro va\u0161i relaxaci Pl\u00e1nov\u00e1n\u00ed zimn\u00ed zahrady by m\u011blo b\u00fdt opravdu pe\u010dliv\u00e9. Je nutno promyslet vzhled, velikost, pou\u017eit\u00e9 materi\u00e1ly a konstrukce. Hlavn\u00ed je \u00fa\u010delnost, ale nesm\u00edme zapomenout i na \u00fatulnost. Zimn\u00ed zahrada by m\u011bla ladit se zbytkem domu, i s venkovn\u00ed zahradou. Spjati s kv\u011btinami a rostlinami i doma Nejd\u0159\u00edve bychom si m\u011bli promyslet, co vlastn\u011b od realizace zimn\u00ed zahrady o\u010dek\u00e1v\u00e1me. Za jak\u00fdm \u00fa\u010delem ji stav\u00edme. P\u016fjde o velkou obytnou m\u00edstnost, vyu\u017e\u00edvanou celoro\u010dn\u011b? Nebo ji chceme vyu\u017e\u00edvat sp\u00ed\u0161e sezonn\u011b, \u010di pro p\u011bstov\u00e1n\u00ed rostlin? To v\u0161e bychom si m\u011bli dob\u0159e ujasnit. Poloha v\u016f\u010di sv\u011btov\u00fdm stran\u00e1m P\u0159i pl\u00e1nov\u00e1n\u00ed zimn\u00ed zahrady mus\u00edme dob\u0159e zohlednit polohu sv\u011btov\u00fdch stran, tak, abychom ji um\u00edstili na optim\u00e1ln\u00ed m\u00edsto. Tak\u00e9 by m\u011bla zapadnout do venkovn\u00edho prost\u0159ed\u00ed, a nep\u016fsobit ru\u0161iv\u011b.                                                                                                                                                                                                                                                                                                                                                                                                "},{"@context":"https:\/\/schema.org\/","@type":"BreadcrumbList","itemListElement":[{"@type":"ListItem","position":1,"name":"Obl\u00edben\u00e1 odpo\u010dinkov\u00e1 z\u00f3na ve va\u0161em dom\u011b","item":"https:\/\/www.zeort.cz\/oblibena-odpocinkova-zona-ve-vasem-dome\/#breadcrumbitem"}]}]