[{"@context":"https:\/\/schema.org\/","@type":"Article","@id":"https:\/\/www.zeort.cz\/nebezpeci-je-tu-stale\/#Article","mainEntityOfPage":"https:\/\/www.zeort.cz\/nebezpeci-je-tu-stale\/","headline":"Nebezpe\u010d\u00ed je tu st\u00e1le","name":"Nebezpe\u010d\u00ed je tu st\u00e1le","description":"Kdybychom se zeptali kohokoliv z na\u0161ich \u0159ad, zda by se cht\u011bl vr\u00e1tit do obdob\u00ed lockdown\u016f a omezen\u00ed, je\u017e u n\u00e1s &hellip; ","datePublished":"2021-09-14","dateModified":"2021-09-14","author":{"@type":"Person","@id":"https:\/\/www.zeort.cz\/author\/#Person","name":"","url":"https:\/\/www.zeort.cz\/author\/","identifier":1,"image":{"@type":"ImageObject","@id":"https:\/\/secure.gravatar.com\/avatar\/40308b9402d145b1dc164f447b6506e9dadca8c8362c3ffb52df95e789c0fd10?s=96&d=mm&r=g","url":"https:\/\/secure.gravatar.com\/avatar\/40308b9402d145b1dc164f447b6506e9dadca8c8362c3ffb52df95e789c0fd10?s=96&d=mm&r=g","height":96,"width":96}},"publisher":{"@type":"Organization","name":"zeort.cz","logo":{"@type":"ImageObject","@id":"\/logo.png","url":"\/logo.png","width":600,"height":60}},"image":{"@type":"ImageObject","@id":"https:\/\/www.zeort.cz\/wp-content\/uploads\/grafika%20covid_CtRToD.jpg","url":"https:\/\/www.zeort.cz\/wp-content\/uploads\/grafika%20covid_CtRToD.jpg","height":0,"width":0},"url":"https:\/\/www.zeort.cz\/nebezpeci-je-tu-stale\/","about":["Politika"],"wordCount":446,"articleBody":"   Kdybychom se zeptali kohokoliv z na\u0161ich \u0159ad, zda by se cht\u011bl vr\u00e1tit do obdob\u00ed lockdown\u016f a omezen\u00ed, je\u017e u n\u00e1s v souvislosti s koronavirovou pandemi\u00ed panovala i je\u0161t\u011b p\u0159ed nemnoha m\u011bs\u00edci, tak\u0159ka stoprocentn\u011b bychom se do\u010dkali odpov\u011bdi, \u017ee ne. Proto\u017ee \u0161lo o dobu, kdy jsme m\u011bli notn\u011b omezen\u00e9 mo\u017enosti, a nav\u00edc jsme nejednou vlastn\u011b ani netu\u0161ili, co se sm\u00ed a co ne. Byli jsme natolik omezeni, \u017ee by si to ur\u010dit\u011b nikdo soudn\u00fd necht\u011bl zopakovat. V\u0161ichni jsme jist\u011b r\u00e1di, \u017ee m\u00e1me aspo\u0148 to, co dnes m\u00e1me. I kdy\u017e nen\u00ed situace st\u00e1le je\u0161t\u011b ide\u00e1ln\u00ed, i kdy\u017e m\u00e1me i nad\u00e1le nem\u00e1lo povinnost\u00ed a leccos nesm\u00edme, je p\u0159ece jenom l\u00e9pe.  Je l\u00e9pe, ne\u017e tomu bylo d\u0159\u00edve. O tom ur\u010dit\u011b nebude sporu. Jen\u017ee po\u0159\u00e1d je\u0161t\u011b hroz\u00ed, \u017ee se nedos\u00e1hne ide\u00e1ln\u00ed situace a nepoda\u0159\u00ed se mo\u017en\u00e1 udr\u017eet aspo\u0148 dne\u0161n\u00ed relativn\u011b snesiteln\u00fd stav v\u011bc\u00ed. Po\u0159\u00e1d je tu riziko, \u017ee se koronavirus op\u011bt za\u010dne \u0161\u00ed\u0159it a bude zase h\u016f\u0159. A proto se mus\u00edme v\u0161ichni zasadit o to, aby k takov\u00fdm \u010dern\u00fdm sc\u00e9n\u00e1\u0159\u016fm nedoch\u00e1zelo. Mus\u00edme d\u011blat v\u0161e, co je v na\u0161ich sil\u00e1ch, abychom se nenakazili a tak\u00e9 ne\u0161\u00ed\u0159ili nemoc d\u00e1l. A k tomu n\u00e1m krom\u011b notoricky zn\u00e1m\u00fdch ochrann\u00fdch prost\u0159edk\u016f a dezinfekce pom\u00e1haj\u00ed i antigenn\u00ed testy z nosu.  Kdykoliv \u010dlov\u011bk poc\u00edt\u00ed, \u017ee je naka\u017een, respektive kdy\u017e tu\u0161\u00ed, \u017ee by tomu tak mohlo b\u00fdt, ur\u010dit\u011b je dobr\u00e9, kdy\u017e se o tom pr\u00e1v\u011b s pomoc\u00ed takov\u00fdch test\u016f p\u0159esv\u011bd\u010d\u00ed. A ony zm\u00edn\u011bn\u00e9 testy jsou tu vlastn\u011b nejen pro zm\u00edn\u011bn\u00e9 lidi, v\u00fdznamn\u00e9 mohou b\u00fdt i p\u0159i odhalov\u00e1n\u00ed bezp\u0159\u00edznakov\u00fdch p\u0159ena\u0161e\u010d\u016f, kte\u0159\u00ed \u0161\u00ed\u0159\u00ed infekci d\u00e1le, a\u010d o tom nemaj\u00ed t\u0159eba ani potuchy. V\u00fdhodou t\u011bchto test\u016f je, \u017ee si je \u010dlov\u011bk m\u016f\u017ee kdykoliv ud\u011blat i s\u00e1m. Jsou jednoduch\u00e9 a p\u0159itom spolehliv\u00e9, a ka\u017ed\u00fd tak m\u016f\u017ee ji\u017e b\u011bhem patn\u00e1cti a\u017e dvaceti minut v\u011bd\u011bt, jak na tom je. A \u010d\u00edm v\u00edce naka\u017een\u00fdch se takto odhal\u00ed, t\u00edm lep\u0161\u00ed m\u016f\u017ee situace v na\u0161\u00ed zemi b\u00fdt. Proto\u017ee kdo o sv\u00e9 n\u00e1kaze v\u00ed, ne\u0161\u00ed\u0159\u00ed ji nev\u011bdomky d\u00e1l. A t\u00edm prokazuje dobrou slu\u017ebu ostatn\u00edm. A ti ostatn\u00ed testovan\u00ed pak pro zm\u011bnu jemu.                                                                                                                                                                                                                                                                                                                                                                                          5\/5 - (1 vote)        "},{"@context":"https:\/\/schema.org\/","@type":"BreadcrumbList","itemListElement":[{"@type":"ListItem","position":1,"name":"Nebezpe\u010d\u00ed je tu st\u00e1le","item":"https:\/\/www.zeort.cz\/nebezpeci-je-tu-stale\/#breadcrumbitem"}]}]