[{"@context":"https:\/\/schema.org\/","@type":"Article","@id":"https:\/\/www.zeort.cz\/muj-vlastni-nazor-na-politiku\/#Article","mainEntityOfPage":"https:\/\/www.zeort.cz\/muj-vlastni-nazor-na-politiku\/","headline":"M\u016fj vlastn\u00ed n\u00e1zor na politiku","name":"M\u016fj vlastn\u00ed n\u00e1zor na politiku","description":"Z\u00edtra se bude konat prvn\u00ed kolo voleb na prezidenta \u010cesk\u00e9 republiky. Posledn\u00ed dobou jsem dost p\u0159ekvapena z Babi\u0161ov\u00fdch obl\u00edbenc\u016f a &hellip; ","datePublished":"2022-03-13","dateModified":"2022-03-13","author":{"@type":"Person","@id":"https:\/\/www.zeort.cz\/author\/#Person","name":"","url":"https:\/\/www.zeort.cz\/author\/","identifier":1,"image":{"@type":"ImageObject","@id":"https:\/\/secure.gravatar.com\/avatar\/40308b9402d145b1dc164f447b6506e9dadca8c8362c3ffb52df95e789c0fd10?s=96&d=mm&r=g","url":"https:\/\/secure.gravatar.com\/avatar\/40308b9402d145b1dc164f447b6506e9dadca8c8362c3ffb52df95e789c0fd10?s=96&d=mm&r=g","height":96,"width":96}},"publisher":{"@type":"Organization","name":"zeort.cz","logo":{"@type":"ImageObject","@id":"\/logo.png","url":"\/logo.png","width":600,"height":60}},"image":{"@type":"ImageObject","@id":"https:\/\/www.zeort.cz\/wp-content\/uploads\/announcement-3509489_960_720.jpg","url":"https:\/\/www.zeort.cz\/wp-content\/uploads\/announcement-3509489_960_720.jpg","height":0,"width":0},"url":"https:\/\/www.zeort.cz\/muj-vlastni-nazor-na-politiku\/","about":["Politika"],"wordCount":387,"articleBody":"Z\u00edtra se bude konat prvn\u00ed kolo voleb na prezidenta \u010cesk\u00e9 republiky. Posledn\u00ed dobou jsem dost p\u0159ekvapena z Babi\u0161ov\u00fdch obl\u00edbenc\u016f a t\u00edm, jak se lid\u00e9 nechaj\u00ed jednodu\u0161e oklamat. \u017dijeme ve svobodn\u00e9 zemi, ve svobodn\u00e9m st\u00e1tu, tak\u017ee je to ka\u017ed\u00e9ho v\u011bc, ale j\u00e1 osobn\u011b chci \u017e\u00edt ve st\u00e1t\u011b, kde nebudou vl\u00e1dnout komunist\u00e9, proto jedin\u00ed kandid\u00e1ti, kte\u0159\u00ed u m\u011b p\u0159ipadaj\u00ed v \u00favahu jsou \u2013 Hil\u0161er, Nerudov\u00e1, Pavel Fischer a Petr Pavel. Nechci tady nikoho, kdo se p\u0159ikl\u00e1n\u00ed k levicov\u00e9 stran\u011b a ani nikoho jako je nap\u0159\u00edklad Okamura, kter\u00fd chce vystupovat z EU a z NATA. Na Ukrajin\u011b je v\u00e1lka, je naprosto zr\u016fdn\u00e9 a mn\u011b se v\u017edycky obrac\u00ed \u017ealudek, kdy\u017e n\u011bkde vid\u00edm, kolik lid\u00ed tomu nev\u011b\u0159\u00ed a kolik lid\u00ed prosazuje prorusk\u00e9 n\u00e1zory. Na Ukrajin\u011b je skute\u010dn\u011b v\u00e1lka, opravdov\u00e1! A m\u00edt tu prezidenta jako je nap\u0159\u00edklad pan Ba\u0161ta, kter\u00fd by se na stranu SPD jist\u011b p\u0159iklonil pro m\u011b naprosto nep\u0159ich\u00e1z\u00ed v \u00favahu, proto\u017ee je mi jasn\u00e9, \u017ee jeho slova typu:,, Jedin\u00e9 co chci je aby se Ukrajina a Rusko spole\u010dn\u011b domluvili na sv\u011btov\u00e9m m\u00edru&#8220; jsou zcela zcestn\u00e1 a nikdy se nem\u016f\u017eou pln\u011b realizovat. Chci tu n\u011bkoho, kdo bude Ukrajin\u011b pom\u00e1hat a nebude proti tomu skandovat a pop\u00edrat to. A tak\u00e9 nebude cht\u00edt vystupovat z NATA a EU, a tud\u00ed\u017e n\u00e1s vystavovat riziku, \u017ee by Rusko pot\u00e9 napadlo i n\u00e1s. Proto j\u00e1 budu volit sice kandid\u00e1ta o kter\u00e9m se \u0159\u00edk\u00e1, \u017ee nem\u00e1 t\u00e9m\u011b\u0159 \u0161anci, ale proto\u017ee se pova\u017euji za vlastence a velk\u00e9ho milovn\u00edka pana Havla, budu volit toho, kter\u00fd s n\u00edm \u00fazce spolupracoval, a to pana Pavla Fischera. M\u00e1 spoustu zku\u0161enost\u00ed v politice a v\u011b\u0159\u00edm tomu, \u017ee by se sna\u017eil ud\u011blat v\u0161echno pro to, abychom nebyli n\u00e1hodou zase okupov\u00e1n\u00ed Ruskem. J\u00e1 v\u00edm, \u017ee v Rusku nejsou jen komunist\u00e9, ale nechci \u017e\u00edt ve st\u00e1t\u011b, kde se bude k\u00f3r je\u0161t\u011b v dne\u0161n\u00ed dob\u011b, kdy je na Ukrajin\u011b v\u00e1lka, s Ruskem jakkoli spolupracovat, nebo obchodovat, a to sam\u00e9 plat\u00ed i ohledn\u011b komunist\u016f, nechci tady komunismus u\u017e nikdy!                                                                                                                                                                                                                                                                                                                                                                                        3.2\/5 - (4 votes)        "},{"@context":"https:\/\/schema.org\/","@type":"BreadcrumbList","itemListElement":[{"@type":"ListItem","position":1,"name":"M\u016fj vlastn\u00ed n\u00e1zor na politiku","item":"https:\/\/www.zeort.cz\/muj-vlastni-nazor-na-politiku\/#breadcrumbitem"}]}]