[{"@context":"https:\/\/schema.org\/","@type":"Article","@id":"https:\/\/www.zeort.cz\/mamy-su-stale-v-kurze\/#Article","mainEntityOfPage":"https:\/\/www.zeort.cz\/mamy-su-stale-v-kurze\/","headline":"Mamy s\u00fa st\u00e1le v kurze","name":"Mamy s\u00fa st\u00e1le v kurze","description":"Preto\u017ee je mi v meste smutno po kamar\u00e1tkach, tak som sa pridala do jedn\u00e9ho klubu mami\u010diek. Bohu\u017eia\u013e som sa musela &hellip; ","datePublished":"2025-04-26","dateModified":"2025-04-26","author":{"@type":"Person","@id":"https:\/\/www.zeort.cz\/author\/#Person","name":"","url":"https:\/\/www.zeort.cz\/author\/","identifier":1,"image":{"@type":"ImageObject","@id":"https:\/\/secure.gravatar.com\/avatar\/40308b9402d145b1dc164f447b6506e9dadca8c8362c3ffb52df95e789c0fd10?s=96&d=mm&r=g","url":"https:\/\/secure.gravatar.com\/avatar\/40308b9402d145b1dc164f447b6506e9dadca8c8362c3ffb52df95e789c0fd10?s=96&d=mm&r=g","height":96,"width":96}},"publisher":{"@type":"Organization","name":"zeort.cz","logo":{"@type":"ImageObject","@id":"\/logo.png","url":"\/logo.png","width":600,"height":60}},"url":"https:\/\/www.zeort.cz\/mamy-su-stale-v-kurze\/","wordCount":256,"articleBody":" Preto\u017ee je mi v meste smutno po kamar\u00e1tkach, tak som sa pridala do jedn\u00e9ho klubu mami\u010diek. Bohu\u017eia\u013e som sa musela ods\u0165ahova\u0165 za moj\u00edm man\u017eelom, tak\u017ee si st\u00e1le zvyk\u00e1m na nov\u00e9 prostredie. V dome, kde b\u00fdvame, \u017eij\u00fa bohu\u017eia\u013e sk\u00f4r sam\u00ed d\u00f4chodcovia, tak\u017ee si mus\u00edm kamar\u00e1tky h\u013eada\u0165 o nie\u010do \u010falej. S dvoji\u010dkami je to s\u00edce trochu zlo\u017eitej\u0161ie bez auta, ale hromadn\u00e1 doprava mi u\u017e v preprave pom\u00f4\u017ee. M\u00e1m t\u00fa akur\u00e1t jednu zn\u00e1mu z p\u00f4rodnice, ale t\u00e1 b\u00fdva na inom konci mesta. Ob\u010das sa vid\u00edme, ke\u010f m\u00e1me obe priestor. Nutn\u00e9 zmeny St\u00e1le si hovor\u00edm, \u017ee a\u017e chlapci trochu vyrast\u00fa, bude to u\u017e o nie\u010do vesel\u0161ie. Kone\u010dne za\u010dn\u00fa viac pou\u017e\u00edva\u0165 svoje mal\u00e9 no\u017ei\u010dky a ja sa te\u0161\u00edm na to, ako spolu budeme objavova\u0165 svet. Teraz sk\u00f4r prem\u00fd\u0161\u013eam, kam ich d\u00e1m, a\u017e p\u00f4jdem zase do pr\u00e1ce. Kon\u010d\u00ed mi toti\u017e pomaly rodi\u010dovsk\u00e1, tak\u017ee n\u00e1s v\u0161etk\u00fdch bude \u010daka\u0165 rad zmien. P\u00e1\u010di sa mi jedno centrum, kde sa zaoberaj\u00fa opatrovan\u00edm det\u00ed bratislava. Je s\u00edce s\u00fakromn\u00e9, ale mo\u017eno t\u00fdm lep\u0161ie, preto\u017ee tu m\u00e1m z\u00e1ruku, \u017ee sa chalanom bude niekto skuto\u010dne venova\u0165. Spoznaj\u00fa t\u00fa nov\u00fdch kamar\u00e1tov a nau\u010dia sa to, \u010do doma nie. Sn\u00e1\u010f to v\u0161etko zvl\u00e1dneme.                                                                                                                                                                                                                                                                                                                                                                                                "},{"@context":"https:\/\/schema.org\/","@type":"BreadcrumbList","itemListElement":[{"@type":"ListItem","position":1,"name":"Mamy s\u00fa st\u00e1le v kurze","item":"https:\/\/www.zeort.cz\/mamy-su-stale-v-kurze\/#breadcrumbitem"}]}]