[{"@context":"https:\/\/schema.org\/","@type":"Article","@id":"https:\/\/www.zeort.cz\/ceka-nas-volba-prezidenta\/#Article","mainEntityOfPage":"https:\/\/www.zeort.cz\/ceka-nas-volba-prezidenta\/","headline":"\u010cek\u00e1 n\u00e1s volba prezidenta","name":"\u010cek\u00e1 n\u00e1s volba prezidenta","description":"Je prezident d\u016fle\u017eit\u00fd? Je zar\u00e1\u017eej\u00edc\u00ed, \u017ee v \u010cR m\u00e1me tak tristn\u00ed pov\u011bdom\u00ed o tom, jak\u00e9 pravomoci prezident m\u00e1. To pramen\u00ed &hellip; ","datePublished":"2022-06-13","dateModified":"2023-05-03","author":{"@type":"Person","@id":"https:\/\/www.zeort.cz\/author\/#Person","name":"","url":"https:\/\/www.zeort.cz\/author\/","identifier":1,"image":{"@type":"ImageObject","@id":"https:\/\/secure.gravatar.com\/avatar\/40308b9402d145b1dc164f447b6506e9dadca8c8362c3ffb52df95e789c0fd10?s=96&d=mm&r=g","url":"https:\/\/secure.gravatar.com\/avatar\/40308b9402d145b1dc164f447b6506e9dadca8c8362c3ffb52df95e789c0fd10?s=96&d=mm&r=g","height":96,"width":96}},"publisher":{"@type":"Organization","name":"zeort.cz","logo":{"@type":"ImageObject","@id":"\/logo.png","url":"\/logo.png","width":600,"height":60}},"image":{"@type":"ImageObject","@id":"https:\/\/www.zeort.cz\/wp-content\/uploads\/ballot-box-geb57795ed_640_2.png","url":"https:\/\/www.zeort.cz\/wp-content\/uploads\/ballot-box-geb57795ed_640_2.png","height":0,"width":0},"url":"https:\/\/www.zeort.cz\/ceka-nas-volba-prezidenta\/","about":["Politika"],"wordCount":406,"articleBody":"Je prezident d\u016fle\u017eit\u00fd?Je zar\u00e1\u017eej\u00edc\u00ed, \u017ee v \u010cR m\u00e1me tak tristn\u00ed pov\u011bdom\u00ed o tom, jak\u00e9 pravomoci prezident m\u00e1. To pramen\u00ed z neznalosti z\u00e1kladn\u00edch z\u00e1kona \u010cR &#8211; na\u0161\u00ed \u00dastavy. V ob\u010dansk\u00e9 v\u00fdchov\u011b se j\u00ed asi nev\u011bnuje p\u0159\u00edli\u0161 vysok\u00e1 pozornost, a m\u00e1lokdo m\u00e1 z\u00e1jem se v t\u00e9to oblasti dovzd\u011blat. Je to chyba, proto\u017ee tento probl\u00e9m potom prov\u00e1z\u00ed celou spole\u010dnost a n\u00e1sledn\u011b volby nejen do prezidentsk\u00e9ho postu. Prezident je funkce p\u0159edev\u0161\u00edm reprezentativn\u00ed, ale mezi jeho dal\u0161\u00ed pravomoci pat\u0159\u00ed nap\u0159\u00edklad to, \u017ee&#8211; Jmenuje p\u0159edsedu vl\u00e1dy&#8211; Rozpou\u0161t\u00ed Sn\u011bmovnu&#8211; Jmenuje soudce&#8211; M\u00e1 pr\u00e1vo ud\u011blit milost a zastavit trestn\u00ed st\u00edh\u00e1n\u00ed&#8211; M\u00e1 pr\u00e1vo veta u n\u011bkter\u00fdch z\u00e1kon\u016f&#8211; Je vrchn\u00ed velitel ozbrojen\u00fdch silT\u011b\u017eko \u0159\u00edct, co si kdo p\u0159edstav\u00ed pod pojmem \u201cvrchn\u00ed velitel ozbrojen\u00fdch sil\u201d, nebo jestli n\u011bkdo z ob\u010dan\u016f v\u00ed, za jak\u00fdch podm\u00ednek m\u016f\u017ee rozpustit Sn\u011bmovnu. Z\u00e1kladn\u00ed v\u011bdomosti o fungov\u00e1n\u00ed st\u00e1tu by m\u011bli m\u00edt v\u0161ichni bez v\u00fdjimky, i kdy\u017e to zaj\u00edm\u00e1 jen m\u00e1lokoho. Potom by nedoch\u00e1zelo k situac\u00edm, kdy p\u016flka n\u00e1roda nebude v\u011bd\u011bt, pro\u010d jsou volby d\u016fle\u017eit\u00e9. A podle toho by taky mohla vypadat volebn\u00ed \u00fa\u010dast, kter\u00e1 je u n\u00e1s dlouhodob\u011b u v\u0161ech volba opravdu neuv\u011b\u0159iteln\u011b n\u00edzk\u00e1. Lid\u00e9 by se zkr\u00e1tka m\u011bli zaj\u00edmat o to, pro\u010d se vol\u00ed, jak\u00e9 maj\u00ed mo\u017enosti, a jak\u00e9 d\u016fsledky m\u016f\u017ee m\u00edt jejich volba, a p\u0159\u00edpadn\u011b i volebn\u00ed ne\u00fa\u010dast.Se sou\u010dasn\u00fdm prezidentem spousta ob\u010dan\u016f spokojen\u00e1 nen\u00ed, ale volit ne\u0161li a ani te\u010f nep\u016fjdou. Tak pro\u010d nad\u00e1vaj\u00ed, kdy\u017e svou mo\u017enost ovlivnit volby m\u011bli a nevyu\u017eili? Je snadn\u00e9 nad\u00e1vat na volbu ostatn\u00edch, a nevyu\u017e\u00edt svou \u0161anci na zm\u011bnu. Prezident nen\u00ed pouhou figurkou, ale m\u00e1 i n\u011bkter\u00e9 pom\u011brn\u011b dost v\u00fdznamn\u00e9 pravomoci, kter\u00e9 v ruk\u00e1ch nevhodn\u00e9 osoby mohou nap\u00e1chat dost velk\u00e9 \u0161kody. Cho\u010fte volit, a zaj\u00edmejte se o lidi, kte\u0159\u00ed se o danou funkci uch\u00e1z\u00ed. Rozhodn\u011b nen\u00ed dobr\u00e9 volit stylem \u201cje mi to jedno\u201d nebo \u201cvol\u00edm ho proto\u017ee soused taky\u201d. Osud t\u00e9to zem\u011b je i ve va\u0161ich ruk\u00e1ch.                                                                                                                                                                                                                                                                                                                                                                                        4.2\/5 - (5 votes)        "},{"@context":"https:\/\/schema.org\/","@type":"BreadcrumbList","itemListElement":[{"@type":"ListItem","position":1,"name":"\u010cek\u00e1 n\u00e1s volba prezidenta","item":"https:\/\/www.zeort.cz\/ceka-nas-volba-prezidenta\/#breadcrumbitem"}]}]