[{"@context":"https:\/\/schema.org\/","@type":"Article","@id":"https:\/\/www.zeort.cz\/bajecna-dovolena-na-sumave-s-vozem-z-autopujcovny\/#Article","mainEntityOfPage":"https:\/\/www.zeort.cz\/bajecna-dovolena-na-sumave-s-vozem-z-autopujcovny\/","headline":"B\u00e1je\u010dn\u00e1 dovolen\u00e1 na \u0160umav\u011b s vozem z autop\u016fj\u010dovny","name":"B\u00e1je\u010dn\u00e1 dovolen\u00e1 na \u0160umav\u011b s vozem z autop\u016fj\u010dovny","description":"Nejlevn\u011bj\u0161\u00ed autop\u016fj\u010dovna v Praze v\u00e1m nebude pronaj\u00edmat v\u016fz pouze pro pohyb na \u00fazem\u00ed hlavn\u00edho m\u011bsta, pron\u00e1jmu lze vyu\u017e\u00edt pro cestov\u00e1n\u00ed &hellip; ","datePublished":"2024-06-18","dateModified":"2024-06-18","author":{"@type":"Person","@id":"https:\/\/www.zeort.cz\/author\/#Person","name":"","url":"https:\/\/www.zeort.cz\/author\/","identifier":1,"image":{"@type":"ImageObject","@id":"https:\/\/secure.gravatar.com\/avatar\/40308b9402d145b1dc164f447b6506e9dadca8c8362c3ffb52df95e789c0fd10?s=96&d=mm&r=g","url":"https:\/\/secure.gravatar.com\/avatar\/40308b9402d145b1dc164f447b6506e9dadca8c8362c3ffb52df95e789c0fd10?s=96&d=mm&r=g","height":96,"width":96}},"publisher":{"@type":"Organization","name":"zeort.cz","logo":{"@type":"ImageObject","@id":"\/logo.png","url":"\/logo.png","width":600,"height":60}},"image":{"@type":"ImageObject","@id":"https:\/\/www.zeort.cz\/wp-content\/uploads\/june-5191797_640_7.jpg","url":"https:\/\/www.zeort.cz\/wp-content\/uploads\/june-5191797_640_7.jpg","height":0,"width":0},"url":"https:\/\/www.zeort.cz\/bajecna-dovolena-na-sumave-s-vozem-z-autopujcovny\/","about":["Firmy"],"wordCount":413,"articleBody":"   Nejlevn\u011bj\u0161\u00ed autop\u016fj\u010dovna v Praze v\u00e1m nebude pronaj\u00edmat v\u016fz pouze pro pohyb na \u00fazem\u00ed hlavn\u00edho m\u011bsta, pron\u00e1jmu lze vyu\u017e\u00edt pro cestov\u00e1n\u00ed po republice, a to je tak\u00e9 jeden z d\u016fvod\u016f, pro\u010d si u\u017e\u00edt mnohem l\u00e9pe va\u0161i dovolenou, ne\u017e s hromadn\u00fdmi dopravn\u00edmi prost\u0159edky.Dovolen\u00e1 s vozem z p\u016fj\u010dovnyNe ka\u017ed\u00e9mu se vyplat\u00ed v dne\u0161n\u00ed dob\u011b vlastnit auto. Jestli\u017ee pracujete v dosahu m\u011bstsk\u00e9 dopravy, anebo dokonce doj\u00ed\u017ed\u00edte do pr\u00e1ce na kole nebo to m\u00e1te jen deset minut p\u011b\u0161ky, a ve zbytku \u010dasu se pohybujete p\u0159ev\u00e1\u017en\u011b v m\u00edst\u011b bydli\u0161t\u011b, auto se v\u00e1m hod\u00ed velmi sporadicky bu\u010f na v\u011bt\u0161\u00ed n\u00e1kup nebo na v\u00fdlet do p\u0159\u00edrody, a nen\u00ed tedy d\u016fvod zbyte\u010dn\u011b platit za pron\u00e1jem gar\u00e1\u017ee \u010di za parkovac\u00ed m\u00edsto, kdy\u017e v\u00e1\u0161 v\u016fz v\u011bt\u0161inu dn\u016f v t\u00fddnu stoj\u00ed. Vlastnictv\u00ed vozidla tak\u00e9 podmi\u0148uje mnoho plateb a povinnost\u00ed, a tak je levn\u011bj\u0161\u00ed i jinak v\u00fdhodn\u011bj\u0161\u00ed vyu\u017e\u00edt kr\u00e1tkodob\u00e9ho \u010di del\u0161\u00edho pron\u00e1jmu.Na dovolenou s pronajat\u00fdm autem se pak vyprav\u00edte s \u010distou hlavou a bez starost\u00ed o technick\u00fd stav vozu a m\u016f\u017eete pl\u00e1novat podrobnosti, se zam\u011b\u0159en\u00edm na program voln\u00fdch dn\u00ed. Pohyb s autem v ter\u00e9nu je operativn\u011bj\u0161\u00ed, ne\u017e j\u00edzda autobusem nebo vlakem, a na co bychom tak\u00e9 r\u00e1di upozornili, je soukrom\u00ed.Kdyby byli v\u0161ichni lid\u00e9 srde\u010dn\u00ed, empati\u010dt\u00ed, vesel\u00ed, sd\u00edln\u00ed a ochotn\u00ed pom\u00e1hat, a nebyla by mezi n\u00e1mi \u017e\u00e1dn\u00e1 arogantn\u00ed a nep\u0159\u00edjemn\u00e1 individua, pak bychom mo\u017en\u00e1 jezdili rad\u011bji autobusem, proto\u017ee bychom si tam mohli u\u017e\u00edt v\u00edce z\u00e1bavy, ne\u017e v osam\u011blosti v kabin\u011b osobn\u00edho auta. Takto to ale nefunguje a naraz\u00edte-li ve vlakov\u00e9m kup\u00e9 nebo na sedadle vedle v\u00e1s \u010di p\u0159ed v\u00e1mi na n\u011bkoho vysloven\u011b nechutn\u00e9ho, m\u016f\u017ee v\u00e1m va\u0161i dovolenou p\u011bkn\u011b znep\u0159\u00edjemnit.M\u00e1te tohle zapot\u0159eb\u00ed? Nebylo by lep\u0161\u00ed dohodnout se s va\u0161imi p\u0159\u00e1teli, pronajmout si mikrobus pro dev\u011bt lid\u00ed, slo\u017eit se na pron\u00e1jem a vyrazit v tomto po\u010dtu t\u0159eba na t\u00fddenn\u00ed pobyt na \u0160umavu a prozkoumat ji tak detailn\u011b, jak v\u00e1m to \u017e\u00e1dn\u00fd vlak ani autobus neumo\u017en\u00ed?                                                                                                                                                                                                                                                                                                                                                                                          4.6\/5 - (5 votes)        "},{"@context":"https:\/\/schema.org\/","@type":"BreadcrumbList","itemListElement":[{"@type":"ListItem","position":1,"name":"B\u00e1je\u010dn\u00e1 dovolen\u00e1 na \u0160umav\u011b s vozem z autop\u016fj\u010dovny","item":"https:\/\/www.zeort.cz\/bajecna-dovolena-na-sumave-s-vozem-z-autopujcovny\/#breadcrumbitem"}]}]